{"id":783,"date":"2025-10-07T19:53:47","date_gmt":"2025-10-07T17:53:47","guid":{"rendered":"https:\/\/patrimoine-couzon.fr\/?p=783"},"modified":"2025-10-07T20:20:26","modified_gmt":"2025-10-07T18:20:26","slug":"retour-en-images-jep-2025","status":"publish","type":"post","link":"https:\/\/patrimoine-couzon.fr\/index.php\/2025\/10\/07\/retour-en-images-jep-2025\/","title":{"rendered":"Retour en images : JEP 2025"},"content":{"rendered":"\t\t<div data-elementor-type=\"wp-post\" data-elementor-id=\"783\" class=\"elementor elementor-783\" data-elementor-post-type=\"post\">\n\t\t\t\t<div class=\"elementor-element elementor-element-cb7b765 e-flex e-con-boxed e-con e-parent\" data-id=\"cb7b765\" data-element_type=\"container\" data-e-type=\"container\">\n\t\t\t\t\t<div class=\"e-con-inner\">\n\t\t\t\t<div class=\"elementor-element elementor-element-0d1a70e elementor-widget__width-initial elementor-widget-tablet__width-initial elementor-widget elementor-widget-heading\" data-id=\"0d1a70e\" data-element_type=\"widget\" data-e-type=\"widget\" data-widget_type=\"heading.default\">\n\t\t\t\t<div class=\"elementor-widget-container\">\n\t\t\t\t\t<h1 class=\"elementor-heading-title elementor-size-default\">Retour en images sur les Journ\u00e9es Europ\u00e9ennes du Patrimoine 2025<\/h1>\t\t\t\t<\/div>\n\t\t\t\t<\/div>\n\t\t<div class=\"elementor-element elementor-element-cfa94f6 e-con-full e-flex e-con e-child\" data-id=\"cfa94f6\" data-element_type=\"container\" data-e-type=\"container\">\n\t\t<div class=\"elementor-element elementor-element-5e66ea3 e-con-full e-flex e-con e-child\" data-id=\"5e66ea3\" data-element_type=\"container\" data-e-type=\"container\">\n\t\t\t\t<div class=\"elementor-element elementor-element-9b333a4 elementor-widget elementor-widget-text-editor\" data-id=\"9b333a4\" data-element_type=\"widget\" data-e-type=\"widget\" data-widget_type=\"text-editor.default\">\n\t\t\t\t<div class=\"elementor-widget-container\">\n\t\t\t\t\t\t\t\t\t<p><strong>Dimanche 21 septembre<\/strong> apr\u00e8s-midi, avec l\u2019<strong><em>APACO<\/em><\/strong> et le soutien de la commune de Couzon, ont \u00e9t\u00e9 organis\u00e9s une s\u00e9rie de concerts et de visites guid\u00e9es dans l\u2019\u00e9glise du village.<\/p><p>\u00a0\u00a0 La Capriola-Commedia, trio de musique de la renaissance dont la chanteuse Camille Fritsch est couzonnaise, s\u2019est produit \u00e0 4 reprises en alternance avec les visites guid\u00e9es propos\u00e9es par Rose, \u00e9galement couzonnaise, de la Paroisse saint Roch.<\/p><p>Nous remercions ici toutes celles et tous ceux qui sont venus (parfois de loin) pour assister \u00e0 ces 2 \u00e9v\u00e9nements ainsi que pour vos retours tr\u00e8s positifs\u00a0!<\/p><p>RDV =&gt; en bas de page pour le <strong>diaporama et les vid\u00e9os<\/strong> &#8230;\u00a0<\/p>\t\t\t\t\t\t\t\t<\/div>\n\t\t\t\t<\/div>\n\t\t\t\t<\/div>\n\t\t<div class=\"elementor-element elementor-element-671627c e-con-full e-flex e-con e-child\" data-id=\"671627c\" data-element_type=\"container\" data-e-type=\"container\">\n\t\t\t\t<div class=\"elementor-element elementor-element-678bcc3 elementor-widget elementor-widget-image\" data-id=\"678bcc3\" data-element_type=\"widget\" data-e-type=\"widget\" data-widget_type=\"image.default\">\n\t\t\t\t<div class=\"elementor-widget-container\">\n\t\t\t\t\t\t\t\t\t\t\t\t\t\t\t<img fetchpriority=\"high\" decoding=\"async\" width=\"768\" height=\"1024\" src=\"https:\/\/patrimoine-couzon.fr\/wp-content\/uploads\/2025\/10\/VISITE-GUIDEE-6-768x1024.jpg\" class=\"attachment-large size-large wp-image-788\" alt=\"Groupe suivant la visite guid\u00e9e de l&#039;\u00e9glise de Couzon au Mont d&#039;Or\" srcset=\"https:\/\/patrimoine-couzon.fr\/wp-content\/uploads\/2025\/10\/VISITE-GUIDEE-6-768x1024.jpg 768w, https:\/\/patrimoine-couzon.fr\/wp-content\/uploads\/2025\/10\/VISITE-GUIDEE-6-225x300.jpg 225w, https:\/\/patrimoine-couzon.fr\/wp-content\/uploads\/2025\/10\/VISITE-GUIDEE-6-1152x1536.jpg 1152w, https:\/\/patrimoine-couzon.fr\/wp-content\/uploads\/2025\/10\/VISITE-GUIDEE-6.jpg 1200w\" sizes=\"(max-width: 768px) 100vw, 768px\" \/>\t\t\t\t\t\t\t\t\t\t\t\t\t\t\t<\/div>\n\t\t\t\t<\/div>\n\t\t\t\t<\/div>\n\t\t\t\t<\/div>\n\t\t<div class=\"elementor-element elementor-element-e6ec042 e-con-full e-flex e-con e-child\" data-id=\"e6ec042\" data-element_type=\"container\" data-e-type=\"container\">\n\t\t<div class=\"elementor-element elementor-element-2297092 e-con-full e-flex e-con e-child\" data-id=\"2297092\" data-element_type=\"container\" data-e-type=\"container\">\n\t\t\t\t<div class=\"elementor-element elementor-element-632d8e8 elementor-widget elementor-widget-image\" data-id=\"632d8e8\" data-element_type=\"widget\" data-e-type=\"widget\" data-widget_type=\"image.default\">\n\t\t\t\t<div class=\"elementor-widget-container\">\n\t\t\t\t\t\t\t\t\t\t\t\t\t\t\t<img decoding=\"async\" width=\"800\" height=\"968\" src=\"https:\/\/patrimoine-couzon.fr\/wp-content\/uploads\/2025\/10\/LA-CAPRIOLA--846x1024.jpg\" class=\"attachment-large size-large wp-image-787\" alt=\"Le trio La Capriola-Commedia\" srcset=\"https:\/\/patrimoine-couzon.fr\/wp-content\/uploads\/2025\/10\/LA-CAPRIOLA--846x1024.jpg 846w, https:\/\/patrimoine-couzon.fr\/wp-content\/uploads\/2025\/10\/LA-CAPRIOLA--248x300.jpg 248w, https:\/\/patrimoine-couzon.fr\/wp-content\/uploads\/2025\/10\/LA-CAPRIOLA--768x929.jpg 768w, https:\/\/patrimoine-couzon.fr\/wp-content\/uploads\/2025\/10\/LA-CAPRIOLA-.jpg 1134w\" sizes=\"(max-width: 800px) 100vw, 800px\" \/>\t\t\t\t\t\t\t\t\t\t\t\t\t\t\t<\/div>\n\t\t\t\t<\/div>\n\t\t\t\t<\/div>\n\t\t<div class=\"elementor-element elementor-element-7445ad5 e-con-full e-flex e-con e-child\" data-id=\"7445ad5\" data-element_type=\"container\" data-e-type=\"container\">\n\t\t\t\t<div class=\"elementor-element elementor-element-c6ee62c elementor-widget elementor-widget-text-editor\" data-id=\"c6ee62c\" data-element_type=\"widget\" data-e-type=\"widget\" data-widget_type=\"text-editor.default\">\n\t\t\t\t<div class=\"elementor-widget-container\">\n\t\t\t\t\t\t\t\t\t<p>Le trio La Capriola-Commedia compos\u00e9 de Dorine Lepeltier-Kovacs \u2013 t\u00e9nor de violon\u00a0; bassetto, Martin Bill\u00e9 \u2013 luth\u00a0; guitare renaissance et Camille Fritsch \u2013 voix. Pour davantage d\u2019informations sur les artistes\u00a0: <a href=\"https:\/\/lacapriola.fr\">https:\/\/lacapriola.fr<\/a><\/p>\t\t\t\t\t\t\t\t<\/div>\n\t\t\t\t<\/div>\n\t\t\t\t<\/div>\n\t\t\t\t<\/div>\n\t\t\t\t\t<\/div>\n\t\t\t\t<\/div>\n\t\t<div class=\"elementor-element elementor-element-eb4df92 e-flex e-con-boxed e-con e-parent\" data-id=\"eb4df92\" data-element_type=\"container\" data-e-type=\"container\">\n\t\t\t\t\t<div class=\"e-con-inner\">\n\t\t\t\t<div class=\"elementor-element elementor-element-9c52eda elementor-widget elementor-widget-video\" data-id=\"9c52eda\" data-element_type=\"widget\" data-e-type=\"widget\" data-settings=\"{&quot;youtube_url&quot;:&quot;https:\\\/\\\/youtu.be\\\/p0ZCc7mnrvQ&quot;,&quot;mute&quot;:&quot;yes&quot;,&quot;video_type&quot;:&quot;youtube&quot;,&quot;controls&quot;:&quot;yes&quot;}\" data-widget_type=\"video.default\">\n\t\t\t\t<div class=\"elementor-widget-container\">\n\t\t\t\t\t\t\t<div class=\"elementor-wrapper elementor-open-inline\">\n\t\t\t<div class=\"elementor-video\"><\/div>\t\t<\/div>\n\t\t\t\t\t\t<\/div>\n\t\t\t\t<\/div>\n\t\t\t\t\t<\/div>\n\t\t\t\t<\/div>\n\t\t<div class=\"elementor-element elementor-element-c69a37c e-flex e-con-boxed e-con e-parent\" data-id=\"c69a37c\" data-element_type=\"container\" data-e-type=\"container\">\n\t\t\t\t\t<div class=\"e-con-inner\">\n\t\t\t\t<div class=\"elementor-element elementor-element-65fedd6 elementor-arrows-position-inside elementor-pagination-position-outside elementor-widget elementor-widget-image-carousel\" data-id=\"65fedd6\" data-element_type=\"widget\" data-e-type=\"widget\" data-settings=\"{&quot;navigation&quot;:&quot;both&quot;,&quot;autoplay&quot;:&quot;yes&quot;,&quot;pause_on_hover&quot;:&quot;yes&quot;,&quot;pause_on_interaction&quot;:&quot;yes&quot;,&quot;autoplay_speed&quot;:5000,&quot;infinite&quot;:&quot;yes&quot;,&quot;speed&quot;:500}\" data-widget_type=\"image-carousel.default\">\n\t\t\t\t<div class=\"elementor-widget-container\">\n\t\t\t\t\t\t\t<div class=\"elementor-image-carousel-wrapper swiper\" role=\"region\" aria-roledescription=\"carousel\" aria-label=\"Carrousel d\u2019images\" dir=\"ltr\">\n\t\t\t<div class=\"elementor-image-carousel swiper-wrapper\" aria-live=\"off\">\n\t\t\t\t\t\t\t\t<div class=\"swiper-slide\" role=\"group\" aria-roledescription=\"slide\" aria-label=\"1 sur 9\"><figure class=\"swiper-slide-inner\"><img decoding=\"async\" class=\"swiper-slide-image\" src=\"https:\/\/patrimoine-couzon.fr\/wp-content\/uploads\/2025\/07\/Affiche-JEP-2025-226x300.png\" alt=\"Affiche JEP 2025\" \/><\/figure><\/div><div class=\"swiper-slide\" role=\"group\" aria-roledescription=\"slide\" aria-label=\"2 sur 9\"><figure class=\"swiper-slide-inner\"><img decoding=\"async\" class=\"swiper-slide-image\" src=\"https:\/\/patrimoine-couzon.fr\/wp-content\/uploads\/2025\/10\/LA-CAPRIOLA-1-225x300.jpg\" alt=\"Le trio La Capriola-Commedia\" \/><\/figure><\/div><div class=\"swiper-slide\" role=\"group\" aria-roledescription=\"slide\" aria-label=\"3 sur 9\"><figure class=\"swiper-slide-inner\"><img decoding=\"async\" class=\"swiper-slide-image\" src=\"https:\/\/patrimoine-couzon.fr\/wp-content\/uploads\/2025\/10\/LA-CAPRIOLA-2-225x300.jpg\" alt=\"Le trio La Capriola-Commedia\" \/><\/figure><\/div><div class=\"swiper-slide\" role=\"group\" aria-roledescription=\"slide\" aria-label=\"4 sur 9\"><figure class=\"swiper-slide-inner\"><img decoding=\"async\" class=\"swiper-slide-image\" src=\"https:\/\/patrimoine-couzon.fr\/wp-content\/uploads\/2025\/10\/LA-CAPRIOLA-9-225x300.jpg\" alt=\"Le trio La Capriola-Commedia\" \/><\/figure><\/div><div class=\"swiper-slide\" role=\"group\" aria-roledescription=\"slide\" aria-label=\"5 sur 9\"><figure class=\"swiper-slide-inner\"><img decoding=\"async\" class=\"swiper-slide-image\" src=\"https:\/\/patrimoine-couzon.fr\/wp-content\/uploads\/2025\/10\/LA-CAPRIOLA-26-225x300.jpg\" alt=\"Le trio La Capriola-Commedia\" \/><\/figure><\/div><div class=\"swiper-slide\" role=\"group\" aria-roledescription=\"slide\" aria-label=\"6 sur 9\"><figure class=\"swiper-slide-inner\"><img decoding=\"async\" class=\"swiper-slide-image\" src=\"https:\/\/patrimoine-couzon.fr\/wp-content\/uploads\/2025\/05\/APACO-LOGO-300x176.png\" alt=\"LOGO de l&#039;association APACO\" \/><\/figure><\/div><div class=\"swiper-slide\" role=\"group\" aria-roledescription=\"slide\" aria-label=\"7 sur 9\"><figure class=\"swiper-slide-inner\"><img decoding=\"async\" class=\"swiper-slide-image\" src=\"https:\/\/patrimoine-couzon.fr\/wp-content\/uploads\/2025\/10\/VISITE-GUIDEE-1-e1759860416428-300x259.jpg\" alt=\"Visite guid\u00e9e de l&#039;\u00e9glise de Couzon au Mont d&#039;Or\" \/><\/figure><\/div><div class=\"swiper-slide\" role=\"group\" aria-roledescription=\"slide\" aria-label=\"8 sur 9\"><figure class=\"swiper-slide-inner\"><img decoding=\"async\" class=\"swiper-slide-image\" src=\"https:\/\/patrimoine-couzon.fr\/wp-content\/uploads\/2025\/10\/VISITE-GUIDEE-4-169x300.jpg\" alt=\"Visite guid\u00e9e de l&#039;\u00e9glise de Couzon au Mont d&#039;Or\" \/><\/figure><\/div><div class=\"swiper-slide\" role=\"group\" aria-roledescription=\"slide\" aria-label=\"9 sur 9\"><figure class=\"swiper-slide-inner\"><img decoding=\"async\" class=\"swiper-slide-image\" src=\"https:\/\/patrimoine-couzon.fr\/wp-content\/uploads\/2025\/10\/VISITE-GUIDEE-7-300x225.jpg\" alt=\"Visite guid\u00e9e de l&#039;\u00e9glise de Couzon au Mont d&#039;Or\" \/><\/figure><\/div>\t\t\t<\/div>\n\t\t\t\t\t\t\t\t\t\t\t\t<div class=\"elementor-swiper-button elementor-swiper-button-prev\" role=\"button\" tabindex=\"0\">\n\t\t\t\t\t\t<svg aria-hidden=\"true\" class=\"e-font-icon-svg e-eicon-chevron-left\" viewBox=\"0 0 1000 1000\" xmlns=\"http:\/\/www.w3.org\/2000\/svg\"><path d=\"M646 125C629 125 613 133 604 142L308 442C296 454 292 471 292 487 292 504 296 521 308 533L604 854C617 867 629 875 646 875 663 875 679 871 692 858 704 846 713 829 713 812 713 796 708 779 692 767L438 487 692 225C700 217 708 204 708 187 708 171 704 154 692 142 675 129 663 125 646 125Z\"><\/path><\/svg>\t\t\t\t\t<\/div>\n\t\t\t\t\t<div class=\"elementor-swiper-button elementor-swiper-button-next\" role=\"button\" tabindex=\"0\">\n\t\t\t\t\t\t<svg aria-hidden=\"true\" class=\"e-font-icon-svg e-eicon-chevron-right\" viewBox=\"0 0 1000 1000\" xmlns=\"http:\/\/www.w3.org\/2000\/svg\"><path d=\"M696 533C708 521 713 504 713 487 713 471 708 454 696 446L400 146C388 133 375 125 354 125 338 125 325 129 313 142 300 154 292 171 292 187 292 204 296 221 308 233L563 492 304 771C292 783 288 800 288 817 288 833 296 850 308 863 321 871 338 875 354 875 371 875 388 867 400 854L696 533Z\"><\/path><\/svg>\t\t\t\t\t<\/div>\n\t\t\t\t\n\t\t\t\t\t\t\t\t\t<div class=\"swiper-pagination\"><\/div>\n\t\t\t\t\t\t\t\t\t<\/div>\n\t\t\t\t\t\t<\/div>\n\t\t\t\t<\/div>\n\t\t\t\t\t<\/div>\n\t\t\t\t<\/div>\n\t\t\t\t<\/div>\n\t\t","protected":false},"excerpt":{"rendered":"<p>Retour en images sur les Journ\u00e9es Europ\u00e9ennes du Patrimoine 2025 Dimanche 21 septembre apr\u00e8s-midi, avec l\u2019APACO et le soutien de la commune de Couzon, ont \u00e9t\u00e9 organis\u00e9s une s\u00e9rie de concerts et de visites guid\u00e9es dans l\u2019\u00e9glise du village. \u00a0\u00a0 La Capriola-Commedia, trio de musique de la renaissance dont la chanteuse Camille Fritsch est couzonnaise, [&hellip;]<\/p>\n","protected":false},"author":2,"featured_media":793,"comment_status":"closed","ping_status":"open","sticky":false,"template":"","format":"standard","meta":{"footnotes":""},"categories":[1],"tags":[],"class_list":["post-783","post","type-post","status-publish","format-standard","has-post-thumbnail","hentry","category-non-classe"],"yoast_head":"<!-- This site is optimized with the Yoast SEO plugin v24.9 - https:\/\/yoast.com\/wordpress\/plugins\/seo\/ -->\n<title>Retour en images : JEP 2025 - Patrimoine Couzon<\/title>\n<meta name=\"robots\" content=\"index, follow, max-snippet:-1, max-image-preview:large, max-video-preview:-1\" \/>\n<link rel=\"canonical\" href=\"https:\/\/patrimoine-couzon.fr\/index.php\/2025\/10\/07\/retour-en-images-jep-2025\/\" \/>\n<meta property=\"og:locale\" content=\"fr_FR\" \/>\n<meta property=\"og:type\" content=\"article\" \/>\n<meta property=\"og:title\" content=\"Retour en images : JEP 2025 - Patrimoine Couzon\" \/>\n<meta property=\"og:description\" content=\"Retour en images sur les Journ\u00e9es Europ\u00e9ennes du Patrimoine 2025 Dimanche 21 septembre apr\u00e8s-midi, avec l\u2019APACO et le soutien de la commune de Couzon, ont \u00e9t\u00e9 organis\u00e9s une s\u00e9rie de concerts et de visites guid\u00e9es dans l\u2019\u00e9glise du village. \u00a0\u00a0 La Capriola-Commedia, trio de musique de la renaissance dont la chanteuse Camille Fritsch est couzonnaise, [&hellip;]\" \/>\n<meta property=\"og:url\" content=\"https:\/\/patrimoine-couzon.fr\/index.php\/2025\/10\/07\/retour-en-images-jep-2025\/\" \/>\n<meta property=\"og:site_name\" content=\"Patrimoine Couzon\" \/>\n<meta property=\"article:published_time\" content=\"2025-10-07T17:53:47+00:00\" \/>\n<meta property=\"article:modified_time\" content=\"2025-10-07T18:20:26+00:00\" \/>\n<meta property=\"og:image\" content=\"https:\/\/patrimoine-couzon.fr\/wp-content\/uploads\/2025\/10\/VISITE-GUIDEE-1-e1759860416428.jpg\" \/>\n\t<meta property=\"og:image:width\" content=\"1530\" \/>\n\t<meta property=\"og:image:height\" content=\"1323\" \/>\n\t<meta property=\"og:image:type\" content=\"image\/jpeg\" \/>\n<meta name=\"author\" content=\"APACO\" \/>\n<meta name=\"twitter:card\" content=\"summary_large_image\" \/>\n<meta name=\"twitter:label1\" content=\"\u00c9crit par\" \/>\n\t<meta name=\"twitter:data1\" content=\"APACO\" \/>\n\t<meta name=\"twitter:label2\" content=\"Dur\u00e9e de lecture estim\u00e9e\" \/>\n\t<meta name=\"twitter:data2\" content=\"4 minutes\" \/>\n<script type=\"application\/ld+json\" class=\"yoast-schema-graph\">{\"@context\":\"https:\/\/schema.org\",\"@graph\":[{\"@type\":\"Article\",\"@id\":\"https:\/\/patrimoine-couzon.fr\/index.php\/2025\/10\/07\/retour-en-images-jep-2025\/#article\",\"isPartOf\":{\"@id\":\"https:\/\/patrimoine-couzon.fr\/index.php\/2025\/10\/07\/retour-en-images-jep-2025\/\"},\"author\":{\"name\":\"APACO\",\"@id\":\"https:\/\/patrimoine-couzon.fr\/#\/schema\/person\/525b59ee4abaf1869d89fa0beb7533ef\"},\"headline\":\"Retour en images : JEP 2025\",\"datePublished\":\"2025-10-07T17:53:47+00:00\",\"dateModified\":\"2025-10-07T18:20:26+00:00\",\"mainEntityOfPage\":{\"@id\":\"https:\/\/patrimoine-couzon.fr\/index.php\/2025\/10\/07\/retour-en-images-jep-2025\/\"},\"wordCount\":164,\"publisher\":{\"@id\":\"https:\/\/patrimoine-couzon.fr\/#organization\"},\"image\":{\"@id\":\"https:\/\/patrimoine-couzon.fr\/index.php\/2025\/10\/07\/retour-en-images-jep-2025\/#primaryimage\"},\"thumbnailUrl\":\"https:\/\/patrimoine-couzon.fr\/wp-content\/uploads\/2025\/10\/VISITE-GUIDEE-1-e1759860416428.jpg\",\"inLanguage\":\"fr-FR\"},{\"@type\":\"WebPage\",\"@id\":\"https:\/\/patrimoine-couzon.fr\/index.php\/2025\/10\/07\/retour-en-images-jep-2025\/\",\"url\":\"https:\/\/patrimoine-couzon.fr\/index.php\/2025\/10\/07\/retour-en-images-jep-2025\/\",\"name\":\"Retour en images : JEP 2025 - Patrimoine Couzon\",\"isPartOf\":{\"@id\":\"https:\/\/patrimoine-couzon.fr\/#website\"},\"primaryImageOfPage\":{\"@id\":\"https:\/\/patrimoine-couzon.fr\/index.php\/2025\/10\/07\/retour-en-images-jep-2025\/#primaryimage\"},\"image\":{\"@id\":\"https:\/\/patrimoine-couzon.fr\/index.php\/2025\/10\/07\/retour-en-images-jep-2025\/#primaryimage\"},\"thumbnailUrl\":\"https:\/\/patrimoine-couzon.fr\/wp-content\/uploads\/2025\/10\/VISITE-GUIDEE-1-e1759860416428.jpg\",\"datePublished\":\"2025-10-07T17:53:47+00:00\",\"dateModified\":\"2025-10-07T18:20:26+00:00\",\"breadcrumb\":{\"@id\":\"https:\/\/patrimoine-couzon.fr\/index.php\/2025\/10\/07\/retour-en-images-jep-2025\/#breadcrumb\"},\"inLanguage\":\"fr-FR\",\"potentialAction\":[{\"@type\":\"ReadAction\",\"target\":[\"https:\/\/patrimoine-couzon.fr\/index.php\/2025\/10\/07\/retour-en-images-jep-2025\/\"]}]},{\"@type\":\"ImageObject\",\"inLanguage\":\"fr-FR\",\"@id\":\"https:\/\/patrimoine-couzon.fr\/index.php\/2025\/10\/07\/retour-en-images-jep-2025\/#primaryimage\",\"url\":\"https:\/\/patrimoine-couzon.fr\/wp-content\/uploads\/2025\/10\/VISITE-GUIDEE-1-e1759860416428.jpg\",\"contentUrl\":\"https:\/\/patrimoine-couzon.fr\/wp-content\/uploads\/2025\/10\/VISITE-GUIDEE-1-e1759860416428.jpg\",\"width\":1530,\"height\":1323,\"caption\":\"Visite guid\u00e9e de l'\u00e9glise de Couzon au Mont d'Or\"},{\"@type\":\"BreadcrumbList\",\"@id\":\"https:\/\/patrimoine-couzon.fr\/index.php\/2025\/10\/07\/retour-en-images-jep-2025\/#breadcrumb\",\"itemListElement\":[{\"@type\":\"ListItem\",\"position\":1,\"name\":\"Home\",\"item\":\"https:\/\/patrimoine-couzon.fr\/\"},{\"@type\":\"ListItem\",\"position\":2,\"name\":\"Retour en images : JEP 2025\"}]},{\"@type\":\"WebSite\",\"@id\":\"https:\/\/patrimoine-couzon.fr\/#website\",\"url\":\"https:\/\/patrimoine-couzon.fr\/\",\"name\":\"Patrimoine Couzon APACO\",\"description\":\"Ensemble, \u0153uvrons pour la restauration de l\u2019\u00e9glise de Couzon-au-Mont-d\u2019Or\",\"publisher\":{\"@id\":\"https:\/\/patrimoine-couzon.fr\/#organization\"},\"alternateName\":\"L\u2019association pour le patrimoine de Couzon (APACO)\",\"potentialAction\":[{\"@type\":\"SearchAction\",\"target\":{\"@type\":\"EntryPoint\",\"urlTemplate\":\"https:\/\/patrimoine-couzon.fr\/?s={search_term_string}\"},\"query-input\":{\"@type\":\"PropertyValueSpecification\",\"valueRequired\":true,\"valueName\":\"search_term_string\"}}],\"inLanguage\":\"fr-FR\"},{\"@type\":\"Organization\",\"@id\":\"https:\/\/patrimoine-couzon.fr\/#organization\",\"name\":\"Patrimoine Couzon APACO\",\"alternateName\":\"L\u2019association pour le patrimoine de Couzon (APACO)\",\"url\":\"https:\/\/patrimoine-couzon.fr\/\",\"logo\":{\"@type\":\"ImageObject\",\"inLanguage\":\"fr-FR\",\"@id\":\"https:\/\/patrimoine-couzon.fr\/#\/schema\/logo\/image\/\",\"url\":\"https:\/\/patrimoine-couzon.fr\/wp-content\/uploads\/2025\/04\/logo-patrimoine-couzon-apaco-png.webp\",\"contentUrl\":\"https:\/\/patrimoine-couzon.fr\/wp-content\/uploads\/2025\/04\/logo-patrimoine-couzon-apaco-png.webp\",\"width\":312,\"height\":70,\"caption\":\"Patrimoine Couzon APACO\"},\"image\":{\"@id\":\"https:\/\/patrimoine-couzon.fr\/#\/schema\/logo\/image\/\"}},{\"@type\":\"Person\",\"@id\":\"https:\/\/patrimoine-couzon.fr\/#\/schema\/person\/525b59ee4abaf1869d89fa0beb7533ef\",\"name\":\"APACO\",\"image\":{\"@type\":\"ImageObject\",\"inLanguage\":\"fr-FR\",\"@id\":\"https:\/\/patrimoine-couzon.fr\/#\/schema\/person\/image\/\",\"url\":\"https:\/\/secure.gravatar.com\/avatar\/276867a0da2e492eea8eab62b1e1b0248279df711a5d8fb63013fd48f30b50f5?s=96&d=mm&r=g\",\"contentUrl\":\"https:\/\/secure.gravatar.com\/avatar\/276867a0da2e492eea8eab62b1e1b0248279df711a5d8fb63013fd48f30b50f5?s=96&d=mm&r=g\",\"caption\":\"APACO\"},\"url\":\"https:\/\/patrimoine-couzon.fr\/index.php\/author\/apaco\/\"}]}<\/script>\n<!-- \/ Yoast SEO plugin. -->","yoast_head_json":{"title":"Retour en images : JEP 2025 - Patrimoine Couzon","robots":{"index":"index","follow":"follow","max-snippet":"max-snippet:-1","max-image-preview":"max-image-preview:large","max-video-preview":"max-video-preview:-1"},"canonical":"https:\/\/patrimoine-couzon.fr\/index.php\/2025\/10\/07\/retour-en-images-jep-2025\/","og_locale":"fr_FR","og_type":"article","og_title":"Retour en images : JEP 2025 - Patrimoine Couzon","og_description":"Retour en images sur les Journ\u00e9es Europ\u00e9ennes du Patrimoine 2025 Dimanche 21 septembre apr\u00e8s-midi, avec l\u2019APACO et le soutien de la commune de Couzon, ont \u00e9t\u00e9 organis\u00e9s une s\u00e9rie de concerts et de visites guid\u00e9es dans l\u2019\u00e9glise du village. \u00a0\u00a0 La Capriola-Commedia, trio de musique de la renaissance dont la chanteuse Camille Fritsch est couzonnaise, [&hellip;]","og_url":"https:\/\/patrimoine-couzon.fr\/index.php\/2025\/10\/07\/retour-en-images-jep-2025\/","og_site_name":"Patrimoine Couzon","article_published_time":"2025-10-07T17:53:47+00:00","article_modified_time":"2025-10-07T18:20:26+00:00","og_image":[{"width":1530,"height":1323,"url":"https:\/\/patrimoine-couzon.fr\/wp-content\/uploads\/2025\/10\/VISITE-GUIDEE-1-e1759860416428.jpg","type":"image\/jpeg"}],"author":"APACO","twitter_card":"summary_large_image","twitter_misc":{"\u00c9crit par":"APACO","Dur\u00e9e de lecture estim\u00e9e":"4 minutes"},"schema":{"@context":"https:\/\/schema.org","@graph":[{"@type":"Article","@id":"https:\/\/patrimoine-couzon.fr\/index.php\/2025\/10\/07\/retour-en-images-jep-2025\/#article","isPartOf":{"@id":"https:\/\/patrimoine-couzon.fr\/index.php\/2025\/10\/07\/retour-en-images-jep-2025\/"},"author":{"name":"APACO","@id":"https:\/\/patrimoine-couzon.fr\/#\/schema\/person\/525b59ee4abaf1869d89fa0beb7533ef"},"headline":"Retour en images : JEP 2025","datePublished":"2025-10-07T17:53:47+00:00","dateModified":"2025-10-07T18:20:26+00:00","mainEntityOfPage":{"@id":"https:\/\/patrimoine-couzon.fr\/index.php\/2025\/10\/07\/retour-en-images-jep-2025\/"},"wordCount":164,"publisher":{"@id":"https:\/\/patrimoine-couzon.fr\/#organization"},"image":{"@id":"https:\/\/patrimoine-couzon.fr\/index.php\/2025\/10\/07\/retour-en-images-jep-2025\/#primaryimage"},"thumbnailUrl":"https:\/\/patrimoine-couzon.fr\/wp-content\/uploads\/2025\/10\/VISITE-GUIDEE-1-e1759860416428.jpg","inLanguage":"fr-FR"},{"@type":"WebPage","@id":"https:\/\/patrimoine-couzon.fr\/index.php\/2025\/10\/07\/retour-en-images-jep-2025\/","url":"https:\/\/patrimoine-couzon.fr\/index.php\/2025\/10\/07\/retour-en-images-jep-2025\/","name":"Retour en images : JEP 2025 - Patrimoine Couzon","isPartOf":{"@id":"https:\/\/patrimoine-couzon.fr\/#website"},"primaryImageOfPage":{"@id":"https:\/\/patrimoine-couzon.fr\/index.php\/2025\/10\/07\/retour-en-images-jep-2025\/#primaryimage"},"image":{"@id":"https:\/\/patrimoine-couzon.fr\/index.php\/2025\/10\/07\/retour-en-images-jep-2025\/#primaryimage"},"thumbnailUrl":"https:\/\/patrimoine-couzon.fr\/wp-content\/uploads\/2025\/10\/VISITE-GUIDEE-1-e1759860416428.jpg","datePublished":"2025-10-07T17:53:47+00:00","dateModified":"2025-10-07T18:20:26+00:00","breadcrumb":{"@id":"https:\/\/patrimoine-couzon.fr\/index.php\/2025\/10\/07\/retour-en-images-jep-2025\/#breadcrumb"},"inLanguage":"fr-FR","potentialAction":[{"@type":"ReadAction","target":["https:\/\/patrimoine-couzon.fr\/index.php\/2025\/10\/07\/retour-en-images-jep-2025\/"]}]},{"@type":"ImageObject","inLanguage":"fr-FR","@id":"https:\/\/patrimoine-couzon.fr\/index.php\/2025\/10\/07\/retour-en-images-jep-2025\/#primaryimage","url":"https:\/\/patrimoine-couzon.fr\/wp-content\/uploads\/2025\/10\/VISITE-GUIDEE-1-e1759860416428.jpg","contentUrl":"https:\/\/patrimoine-couzon.fr\/wp-content\/uploads\/2025\/10\/VISITE-GUIDEE-1-e1759860416428.jpg","width":1530,"height":1323,"caption":"Visite guid\u00e9e de l'\u00e9glise de Couzon au Mont d'Or"},{"@type":"BreadcrumbList","@id":"https:\/\/patrimoine-couzon.fr\/index.php\/2025\/10\/07\/retour-en-images-jep-2025\/#breadcrumb","itemListElement":[{"@type":"ListItem","position":1,"name":"Home","item":"https:\/\/patrimoine-couzon.fr\/"},{"@type":"ListItem","position":2,"name":"Retour en images : JEP 2025"}]},{"@type":"WebSite","@id":"https:\/\/patrimoine-couzon.fr\/#website","url":"https:\/\/patrimoine-couzon.fr\/","name":"Patrimoine Couzon APACO","description":"Ensemble, \u0153uvrons pour la restauration de l\u2019\u00e9glise de Couzon-au-Mont-d\u2019Or","publisher":{"@id":"https:\/\/patrimoine-couzon.fr\/#organization"},"alternateName":"L\u2019association pour le patrimoine de Couzon (APACO)","potentialAction":[{"@type":"SearchAction","target":{"@type":"EntryPoint","urlTemplate":"https:\/\/patrimoine-couzon.fr\/?s={search_term_string}"},"query-input":{"@type":"PropertyValueSpecification","valueRequired":true,"valueName":"search_term_string"}}],"inLanguage":"fr-FR"},{"@type":"Organization","@id":"https:\/\/patrimoine-couzon.fr\/#organization","name":"Patrimoine Couzon APACO","alternateName":"L\u2019association pour le patrimoine de Couzon (APACO)","url":"https:\/\/patrimoine-couzon.fr\/","logo":{"@type":"ImageObject","inLanguage":"fr-FR","@id":"https:\/\/patrimoine-couzon.fr\/#\/schema\/logo\/image\/","url":"https:\/\/patrimoine-couzon.fr\/wp-content\/uploads\/2025\/04\/logo-patrimoine-couzon-apaco-png.webp","contentUrl":"https:\/\/patrimoine-couzon.fr\/wp-content\/uploads\/2025\/04\/logo-patrimoine-couzon-apaco-png.webp","width":312,"height":70,"caption":"Patrimoine Couzon APACO"},"image":{"@id":"https:\/\/patrimoine-couzon.fr\/#\/schema\/logo\/image\/"}},{"@type":"Person","@id":"https:\/\/patrimoine-couzon.fr\/#\/schema\/person\/525b59ee4abaf1869d89fa0beb7533ef","name":"APACO","image":{"@type":"ImageObject","inLanguage":"fr-FR","@id":"https:\/\/patrimoine-couzon.fr\/#\/schema\/person\/image\/","url":"https:\/\/secure.gravatar.com\/avatar\/276867a0da2e492eea8eab62b1e1b0248279df711a5d8fb63013fd48f30b50f5?s=96&d=mm&r=g","contentUrl":"https:\/\/secure.gravatar.com\/avatar\/276867a0da2e492eea8eab62b1e1b0248279df711a5d8fb63013fd48f30b50f5?s=96&d=mm&r=g","caption":"APACO"},"url":"https:\/\/patrimoine-couzon.fr\/index.php\/author\/apaco\/"}]}},"_links":{"self":[{"href":"https:\/\/patrimoine-couzon.fr\/index.php\/wp-json\/wp\/v2\/posts\/783","targetHints":{"allow":["GET"]}}],"collection":[{"href":"https:\/\/patrimoine-couzon.fr\/index.php\/wp-json\/wp\/v2\/posts"}],"about":[{"href":"https:\/\/patrimoine-couzon.fr\/index.php\/wp-json\/wp\/v2\/types\/post"}],"author":[{"embeddable":true,"href":"https:\/\/patrimoine-couzon.fr\/index.php\/wp-json\/wp\/v2\/users\/2"}],"replies":[{"embeddable":true,"href":"https:\/\/patrimoine-couzon.fr\/index.php\/wp-json\/wp\/v2\/comments?post=783"}],"version-history":[{"count":45,"href":"https:\/\/patrimoine-couzon.fr\/index.php\/wp-json\/wp\/v2\/posts\/783\/revisions"}],"predecessor-version":[{"id":840,"href":"https:\/\/patrimoine-couzon.fr\/index.php\/wp-json\/wp\/v2\/posts\/783\/revisions\/840"}],"wp:featuredmedia":[{"embeddable":true,"href":"https:\/\/patrimoine-couzon.fr\/index.php\/wp-json\/wp\/v2\/media\/793"}],"wp:attachment":[{"href":"https:\/\/patrimoine-couzon.fr\/index.php\/wp-json\/wp\/v2\/media?parent=783"}],"wp:term":[{"taxonomy":"category","embeddable":true,"href":"https:\/\/patrimoine-couzon.fr\/index.php\/wp-json\/wp\/v2\/categories?post=783"},{"taxonomy":"post_tag","embeddable":true,"href":"https:\/\/patrimoine-couzon.fr\/index.php\/wp-json\/wp\/v2\/tags?post=783"}],"curies":[{"name":"wp","href":"https:\/\/api.w.org\/{rel}","templated":true}]}}